{"id":2160,"date":"2020-01-17T10:28:47","date_gmt":"2020-01-17T08:28:47","guid":{"rendered":"https:\/\/www.musokai.fi\/httpdocs\/WP\/?p=2160"},"modified":"2020-01-17T10:28:49","modified_gmt":"2020-01-17T08:28:49","slug":"yuji-matsuoi-sensein-leirit-05-06-09-2020","status":"publish","type":"post","link":"https:\/\/www.musokai.fi\/httpdocs\/WP\/?p=2160","title":{"rendered":"Yuji Matsuoi  Sensein Leirit: 05 &#8211; 06.09.2020"},"content":{"rendered":"\n<p><strong><em>Kokusai\nShorinjiryu Karatedo<\/em><\/strong><strong><\/strong><\/p>\n\n\n\n<p><strong><em>&nbsp;&nbsp;&nbsp;&nbsp;&nbsp;&nbsp;&nbsp;&nbsp;&nbsp;&nbsp; &nbsp;&nbsp;&nbsp;&nbsp;\nKata seminars<\/em><\/strong><\/p>\n\n\n\n<p><strong><em>&nbsp;&nbsp;&nbsp;&nbsp;&nbsp;&nbsp;&nbsp;&nbsp;&nbsp;&nbsp;&nbsp;&nbsp;&nbsp; &nbsp;&nbsp;&nbsp;&nbsp;&nbsp;&nbsp;&nbsp;&nbsp; 05 &#8211; 06.09.2020<\/em><\/strong><\/p>\n\n\n\n<p><strong><em>Paikka:&nbsp;&nbsp;&nbsp;&nbsp;&nbsp;&nbsp;&nbsp; <\/em><\/strong><em>Budoseura\nGenbukai dojo<\/em><\/p>\n\n\n\n<p><strong><em>Opettaja:<\/em><\/strong><em>&nbsp;&nbsp;&nbsp;&nbsp; Soshi Yuji\nMatsuoi 8dan Hanshi<\/em><\/p>\n\n\n\n<p><strong><em>Harjoitus:<\/em><\/strong><em> &nbsp; La&nbsp;&nbsp;&nbsp;&nbsp;&nbsp;&nbsp;&nbsp;&nbsp;&nbsp;&nbsp;&nbsp;&nbsp;&nbsp;&nbsp;&nbsp;&nbsp;&nbsp;&nbsp;&nbsp;&nbsp;&nbsp;&nbsp;&nbsp;&nbsp;&nbsp;&nbsp;&nbsp;&nbsp;&nbsp;&nbsp; Su<\/em><\/p>\n\n\n\n<p><em>&nbsp;&nbsp;&nbsp;&nbsp;&nbsp;&nbsp;&nbsp;&nbsp;&nbsp;&nbsp;&nbsp;&nbsp;&nbsp;&nbsp;&nbsp;&nbsp;&nbsp;&nbsp;&nbsp;&nbsp;&nbsp;&nbsp;&nbsp; 10.00 \u2013 11.30&nbsp;&nbsp;&nbsp;&nbsp;&nbsp;&nbsp;&nbsp;&nbsp;&nbsp;&nbsp;&nbsp;&nbsp;&nbsp;&nbsp;&nbsp;&nbsp;&nbsp;&nbsp;&nbsp;&nbsp;&nbsp; 10.00\n\u2013 12.00<\/em><\/p>\n\n\n\n<p><em>&nbsp;&nbsp;&nbsp;&nbsp;&nbsp;&nbsp;&nbsp;&nbsp;&nbsp;&nbsp;&nbsp;&nbsp;&nbsp;&nbsp;&nbsp;&nbsp;&nbsp;&nbsp;&nbsp;&nbsp;&nbsp;&nbsp;&nbsp; 13.30 \u2013 15.00&nbsp;&nbsp;&nbsp;&nbsp;&nbsp;&nbsp;&nbsp;&nbsp;&nbsp;&nbsp;&nbsp;&nbsp;&nbsp;&nbsp;&nbsp;&nbsp;&nbsp;&nbsp;&nbsp;&nbsp;&nbsp; 13.30\n\u2013 16.00<\/em><\/p>\n\n\n\n<p><em>&nbsp;&nbsp;&nbsp;&nbsp;&nbsp;&nbsp;&nbsp;&nbsp;&nbsp;&nbsp;&nbsp;&nbsp;&nbsp;&nbsp;&nbsp;&nbsp;&nbsp;&nbsp;&nbsp;&nbsp;&nbsp;&nbsp;&nbsp; 15.30 \u2013 17.00<\/em><\/p>\n\n\n\n<p><strong><em>Ohjelma:<\/em><\/strong><em> &nbsp;&nbsp;&nbsp; Wanshu,\nAnanku, Seisan, Bassai, Katan riai<\/em><\/p>\n\n\n\n<p><strong><em>Hinta:<\/em><\/strong><em> &nbsp;&nbsp;&nbsp;&nbsp;&nbsp;&nbsp;&nbsp;&nbsp;&nbsp; 75\u20ac \/\n1-2pv<\/em><\/p>\n\n\n\n<p><em>&nbsp;&nbsp;&nbsp;&nbsp;&nbsp;&nbsp;&nbsp;&nbsp;&nbsp;&nbsp;&nbsp;&nbsp;&nbsp;&nbsp;&nbsp;&nbsp;&nbsp;&nbsp;&nbsp;&nbsp;&nbsp;&nbsp;&nbsp; <\/em>Maksetaan Tmi:n Matsuoin tilille (Nordea\nFI13883000303127) viimeist\u00e4\u00e4n 04.09.2020 menness\u00e4. Paikan p\u00e4\u00e4ll\u00e4 maksettaessa\nperit\u00e4\u00e4n 5 euron lis\u00e4maksu. <\/p>\n\n\n\n<p>&nbsp;&nbsp;&nbsp;&nbsp;&nbsp;&nbsp;&nbsp;&nbsp;&nbsp;&nbsp;&nbsp;&nbsp;&nbsp;&nbsp;&nbsp;&nbsp;&nbsp;&nbsp;&nbsp;&nbsp;&nbsp;  Maksukuitti esitett\u00e4v\u00e4 paikan p\u00e4\u00e4ll\u00e4.<\/p>\n","protected":false},"excerpt":{"rendered":"<p>Kokusai Shorinjiryu Karatedo &nbsp;&nbsp;&nbsp;&nbsp;&nbsp;&nbsp;&nbsp;&nbsp;&nbsp;&nbsp; &nbsp;&nbsp;&nbsp;&nbsp; Kata seminars &nbsp;&nbsp;&nbsp;&nbsp;&nbsp;&nbsp;&nbsp;&nbsp;&nbsp;&nbsp;&nbsp;&nbsp;&nbsp; &nbsp;&nbsp;&nbsp;&nbsp;&nbsp;&nbsp;&nbsp;&nbsp; 05 &#8211; 06.09.2020 Paikka:&nbsp;&nbsp;&nbsp;&nbsp;&nbsp;&nbsp;&nbsp; Budoseura Genbukai dojo Opettaja:&nbsp;&nbsp;&nbsp;&nbsp; Soshi Yuji Matsuoi 8dan Hanshi Harjoitus: &nbsp; La&nbsp;&nbsp;&nbsp;&nbsp;&nbsp;&nbsp;&nbsp;&nbsp;&nbsp;&nbsp;&nbsp;&nbsp;&nbsp;&nbsp;&nbsp;&nbsp;&nbsp;&nbsp;&nbsp;&nbsp;&nbsp;&nbsp;&nbsp;&nbsp;&nbsp;&nbsp;&nbsp;&nbsp;&nbsp;&nbsp; Su &nbsp;&nbsp;&nbsp;&nbsp;&nbsp;&nbsp;&nbsp;&nbsp;&nbsp;&nbsp;&nbsp;&nbsp;&nbsp;&nbsp;&nbsp;&nbsp;&nbsp;&nbsp;&nbsp;&nbsp;&nbsp;&nbsp;&nbsp; 10.00 \u2013 11.30&nbsp;&nbsp;&nbsp;&nbsp;&nbsp;&nbsp;&nbsp;&nbsp;&nbsp;&nbsp;&nbsp;&nbsp;&nbsp;&nbsp;&nbsp;&nbsp;&nbsp;&nbsp;&nbsp;&nbsp;&nbsp; 10.00 \u2013 12.00 &nbsp;&nbsp;&nbsp;&nbsp;&nbsp;&nbsp;&nbsp;&nbsp;&nbsp;&nbsp;&nbsp;&nbsp;&nbsp;&nbsp;&nbsp;&nbsp;&nbsp;&nbsp;&nbsp;&nbsp;&nbsp;&nbsp;&nbsp; 13.30 \u2013 15.00&nbsp;&nbsp;&nbsp;&nbsp;&nbsp;&nbsp;&nbsp;&nbsp;&nbsp;&nbsp;&nbsp;&nbsp;&nbsp;&nbsp;&nbsp;&nbsp;&nbsp;&nbsp;&nbsp;&nbsp;&nbsp; 13.30 \u2013 16.00 &nbsp;&nbsp;&nbsp;&nbsp;&nbsp;&nbsp;&nbsp;&nbsp;&nbsp;&nbsp;&nbsp;&nbsp;&nbsp;&nbsp;&nbsp;&nbsp;&nbsp;&nbsp;&nbsp;&nbsp;&nbsp;&nbsp;&nbsp; 15.30 \u2013 17.00 Ohjelma: &nbsp;&nbsp;&nbsp; Wanshu, Ananku, Seisan, Bassai, [&hellip;]<\/p>\n","protected":false},"author":1,"featured_media":0,"comment_status":"closed","ping_status":"open","sticky":false,"template":"","format":"standard","meta":{"ngg_post_thumbnail":0,"footnotes":""},"categories":[4],"tags":[],"class_list":["post-2160","post","type-post","status-publish","format-standard","hentry","category-leirit-ja-tapahtumat"],"_links":{"self":[{"href":"https:\/\/www.musokai.fi\/httpdocs\/WP\/index.php?rest_route=\/wp\/v2\/posts\/2160","targetHints":{"allow":["GET"]}}],"collection":[{"href":"https:\/\/www.musokai.fi\/httpdocs\/WP\/index.php?rest_route=\/wp\/v2\/posts"}],"about":[{"href":"https:\/\/www.musokai.fi\/httpdocs\/WP\/index.php?rest_route=\/wp\/v2\/types\/post"}],"author":[{"embeddable":true,"href":"https:\/\/www.musokai.fi\/httpdocs\/WP\/index.php?rest_route=\/wp\/v2\/users\/1"}],"replies":[{"embeddable":true,"href":"https:\/\/www.musokai.fi\/httpdocs\/WP\/index.php?rest_route=%2Fwp%2Fv2%2Fcomments&post=2160"}],"version-history":[{"count":1,"href":"https:\/\/www.musokai.fi\/httpdocs\/WP\/index.php?rest_route=\/wp\/v2\/posts\/2160\/revisions"}],"predecessor-version":[{"id":2161,"href":"https:\/\/www.musokai.fi\/httpdocs\/WP\/index.php?rest_route=\/wp\/v2\/posts\/2160\/revisions\/2161"}],"wp:attachment":[{"href":"https:\/\/www.musokai.fi\/httpdocs\/WP\/index.php?rest_route=%2Fwp%2Fv2%2Fmedia&parent=2160"}],"wp:term":[{"taxonomy":"category","embeddable":true,"href":"https:\/\/www.musokai.fi\/httpdocs\/WP\/index.php?rest_route=%2Fwp%2Fv2%2Fcategories&post=2160"},{"taxonomy":"post_tag","embeddable":true,"href":"https:\/\/www.musokai.fi\/httpdocs\/WP\/index.php?rest_route=%2Fwp%2Fv2%2Ftags&post=2160"}],"curies":[{"name":"wp","href":"https:\/\/api.w.org\/{rel}","templated":true}]}}