{"id":3000,"date":"2025-07-29T10:10:38","date_gmt":"2025-07-29T08:10:38","guid":{"rendered":"https:\/\/www.musokai.fi\/httpdocs\/WP\/?p=3000"},"modified":"2026-01-01T20:12:25","modified_gmt":"2026-01-01T18:12:25","slug":"syksyn-harjoituksista","status":"publish","type":"post","link":"https:\/\/www.musokai.fi\/httpdocs\/WP\/?p=3000","title":{"rendered":"Syksyn harjoituksista"},"content":{"rendered":"\r\n<p>Elokuussa ohjatut harjoitukset pidet\u00e4\u00e4n \u00c4im\u00e4kujan salillamme<br>seuraavasti:<\/p>\r\n\r\n\r\n\r\n<p>Ke klo 17-18 juniorit<br>Ke klo 18-19.30 nuoret ja aikuiset<\/p>\r\n\r\n\r\n\r\n<p>Aikuisia harrastajia voi k\u00e4yd\u00e4 salilla satunnaisesti my\u00f6s muina aikoina.<br>Ylim\u00e4\u00e4r\u00e4isist\u00e4 harjoituksista ilmoitetaan WhatsApp-ryhm\u00e4ss\u00e4.<\/p>\r\n\r\n\r\n\r\n<p>SYKSYN HARJOITUSAJAT JA PERUSKURSSIT<\/p>\r\n\r\n\r\n\r\n<p>Syksyn harjoittelukausi k\u00e4ynnistyy heti syyskuun alussa. Harjoitusajat<br>ovat ma 1.9. alkaen seuraavat:<\/p>\r\n\r\n\r\n\r\n<p>Oulussa (\u00c4im\u00e4kuja 6)<br>Ma 17.00-18.30 nuoret (yli 13 v) ja aikuiset kobudo<br>Ke 17.00-18.00 jumiorit (7-13 v) peruskurssi<br>Ke 18.00-19.30 nuoret (yli 13 v) ja aikuiset<br>To 17.00-18.00 juniorit (7-13 v) jatkokurssi<br>To 18.00-19.30 nuoret (yli 13 v) ja aikuiset kata<br>Su 16.30-18.30 karate kids (5-6 v)<\/p>\r\n\r\n\r\n\r\n<p>Haukiputaalla (Aseman koulun sali)<br>Ti 18.30-19.30 juniorit ja nuoret (7 v-)<br>To 18.00-19.00 juniorit ja nuoret (7 v-)<\/p>\r\n\r\n\r\n\r\n<p>Uudet peruskurssilaiset ovat tervetulleita harjoituksiin heti syyskauden<br>alussa!<\/p>\r\n","protected":false},"excerpt":{"rendered":"<p>Elokuussa ohjatut harjoitukset pidet\u00e4\u00e4n \u00c4im\u00e4kujan salillammeseuraavasti: Ke klo 17-18 junioritKe klo 18-19.30 nuoret ja aikuiset Aikuisia harrastajia voi k\u00e4yd\u00e4 salilla satunnaisesti my\u00f6s muina aikoina.Ylim\u00e4\u00e4r\u00e4isist\u00e4 harjoituksista ilmoitetaan WhatsApp-ryhm\u00e4ss\u00e4. SYKSYN HARJOITUSAJAT JA PERUSKURSSIT Syksyn harjoittelukausi k\u00e4ynnistyy heti syyskuun alussa. Harjoitusajatovat ma 1.9. alkaen seuraavat: Oulussa (\u00c4im\u00e4kuja 6)Ma 17.00-18.30 nuoret (yli 13 v) [&hellip;]<\/p>\n","protected":false},"author":1,"featured_media":0,"comment_status":"closed","ping_status":"open","sticky":false,"template":"","format":"standard","meta":{"ngg_post_thumbnail":0,"footnotes":""},"categories":[6],"tags":[],"class_list":["post-3000","post","type-post","status-publish","format-standard","hentry","category-ajankohtaiset-asiat"],"_links":{"self":[{"href":"https:\/\/www.musokai.fi\/httpdocs\/WP\/index.php?rest_route=\/wp\/v2\/posts\/3000","targetHints":{"allow":["GET"]}}],"collection":[{"href":"https:\/\/www.musokai.fi\/httpdocs\/WP\/index.php?rest_route=\/wp\/v2\/posts"}],"about":[{"href":"https:\/\/www.musokai.fi\/httpdocs\/WP\/index.php?rest_route=\/wp\/v2\/types\/post"}],"author":[{"embeddable":true,"href":"https:\/\/www.musokai.fi\/httpdocs\/WP\/index.php?rest_route=\/wp\/v2\/users\/1"}],"replies":[{"embeddable":true,"href":"https:\/\/www.musokai.fi\/httpdocs\/WP\/index.php?rest_route=%2Fwp%2Fv2%2Fcomments&post=3000"}],"version-history":[{"count":1,"href":"https:\/\/www.musokai.fi\/httpdocs\/WP\/index.php?rest_route=\/wp\/v2\/posts\/3000\/revisions"}],"predecessor-version":[{"id":3001,"href":"https:\/\/www.musokai.fi\/httpdocs\/WP\/index.php?rest_route=\/wp\/v2\/posts\/3000\/revisions\/3001"}],"wp:attachment":[{"href":"https:\/\/www.musokai.fi\/httpdocs\/WP\/index.php?rest_route=%2Fwp%2Fv2%2Fmedia&parent=3000"}],"wp:term":[{"taxonomy":"category","embeddable":true,"href":"https:\/\/www.musokai.fi\/httpdocs\/WP\/index.php?rest_route=%2Fwp%2Fv2%2Fcategories&post=3000"},{"taxonomy":"post_tag","embeddable":true,"href":"https:\/\/www.musokai.fi\/httpdocs\/WP\/index.php?rest_route=%2Fwp%2Fv2%2Ftags&post=3000"}],"curies":[{"name":"wp","href":"https:\/\/api.w.org\/{rel}","templated":true}]}}